{"id":3417,"date":"2026-03-02T07:46:26","date_gmt":"2026-03-02T06:46:26","guid":{"rendered":"https:\/\/www.pub1.fr\/blogueurs\/?p=3417"},"modified":"2026-03-02T07:46:37","modified_gmt":"2026-03-02T06:46:37","slug":"vehicules-autonomes-progres-securite","status":"publish","type":"post","link":"https:\/\/www.pub1.fr\/blogueurs\/vehicules-autonomes-progres-securite\/","title":{"rendered":"V\u00e9hicules autonomes : progr\u00e8s, s\u00e9curit\u00e9 et enjeux r\u00e9glementaires"},"content":{"rendered":"\r\n<p>La r\u00e9volution des v\u00e9hicules autonomes s&rsquo;acc\u00e9l\u00e8re en 2026, m\u00e9tamorphosant la mani\u00e8re dont nous concevons la mobilit\u00e9. Ces v\u00e9hicules de nouvelle g\u00e9n\u00e9ration, dot\u00e9s de capacit\u00e9s d\u00e9cisionnelles in\u00e9dites, portent la promesse d\u2019une s\u00e9curit\u00e9 routi\u00e8re renforc\u00e9e et d\u2019une exp\u00e9rience utilisateur singuli\u00e8rement am\u00e9lior\u00e9e. Pourtant, cette avanc\u00e9e ne s\u2019appr\u00e9cie pas uniquement \u00e0 travers le prisme technologique. La prolif\u00e9ration de ces voitures intelligentes questionne \u00e9galement la structure m\u00eame de nos normes juridiques, les responsabilit\u00e9s en cas d&rsquo;accidents, et soul\u00e8ve des d\u00e9bats \u00e9thiques fondamentaux. Tandis que certains pays rivalisent d\u2019initiatives pour tester et d\u00e9ployer ces outils sur leurs routes, une attention scrupuleuse s\u2019impose pour conjuguer innovation et protection des usagers.<\/p>\r\n\r\n\r\n\r\n<p><!--more--><\/p>\r\n\r\n\r\n\r\n<h2 class=\"wp-block-heading\">Les innovations majeures dans les technologies des v\u00e9hicules autonomes et leur contribution \u00e0 la s\u00e9curit\u00e9 routi\u00e8re<\/h2>\r\n\r\n\r\n\r\n<p>Le secteur des v\u00e9hicules autonomes b\u00e9n\u00e9ficie aujourd\u2019hui d\u2019une synergie \u00e9tonnante entre les capteurs sophistiqu\u00e9s et les algorithmes d\u2019intelligence artificielle d&rsquo;apr\u00e8s <strong><span data-sheets-root=\"1\"><a class=\"in-cell-link\" href=\"https:\/\/vehiculezone.fr\/\" target=\"_blank\" rel=\"noopener\">vehiculezone.fr<\/a><\/span><\/strong>. Le LiDAR est devenu un \u00e9l\u00e9ment central de cette r\u00e9volution, fournissant une cartographie 3D ultra-pr\u00e9cise des environs. Gr\u00e2ce \u00e0 l\u2019\u00e9mission de faisceaux laser, ce syst\u00e8me peut d\u00e9tecter avec une finesse remarquable pi\u00e9tons, obstacles ou panneaux de signalisation, permettant de surpasser largement les capacit\u00e9s humaines. \u00c0 cela s\u2019ajoutent les radars, offrant une lecture efficace dans diverses conditions m\u00e9t\u00e9orologiques, et les cam\u00e9ras haute d\u00e9finition qui capturent des images en temps r\u00e9el pour l\u2019analyse visuelle des environnements.<\/p>\r\n\r\n\r\n\r\n<p>Ces inputs sensoriels sont trait\u00e9s par des mod\u00e8les de machine learning capables d\u2019adapter en continu le comportement du v\u00e9hicule en fonction du contexte. Il ne s\u2019agit plus simplement d\u2019ex\u00e9cuter des commandes fixes, mais de raisonner sur des situations souvent complexes. Par exemple, dans une intersection encombr\u00e9e ou face \u00e0 un pi\u00e9ton impr\u00e9visible, le syst\u00e8me peut anticiper les risques et d\u00e9cider d\u2019une man\u0153uvre s\u00e9curis\u00e9e. Cette capacit\u00e9 d\u2019adaptation \u00e9volue sans cesse, car chaque parcours nourrit les bases de donn\u00e9es, affinant la compr\u00e9hension des situations routi\u00e8res. Le passage aux niveaux sup\u00e9rieurs d\u2019autonomie, notamment 4 et 5 selon la classification SAE, implique que le v\u00e9hicule soit capable de fonctionner int\u00e9gralement sans intervention humaine dans des espaces vari\u00e9s, rendant la technologie encore plus robuste.<\/p>\r\n\r\n\r\n\r\n<p>Par ailleurs, la communication V2X se g\u00e9n\u00e9ralise : v\u00e9hicules, infrastructures, et m\u00eame pi\u00e9tons \u00e9changent des informations en temps r\u00e9el. Cette technologie fluidifie le trafic et permet de pr\u00e9venir les dangers avec une rapidit\u00e9 in\u00e9dite. Le partage des donn\u00e9es am\u00e9liore l\u2019efficacit\u00e9 \u00e9nerg\u00e9tique et r\u00e9duit le stress des conducteurs en leur confiant un r\u00f4le partiel voire nul dans la gestion complexe de la route. \u00c0 terme, cette coordination pourra r\u00e9duire significativement les embouteillages et limiter l\u2019impact environnemental en optimisant les trajectoires et la consommation.<\/p>\r\n\r\n\r\n\r\n<h2 class=\"wp-block-heading\">La complexit\u00e9 du cadre r\u00e9glementaire europ\u00e9en et fran\u00e7ais face \u00e0 la conduite autonome<\/h2>\r\n\r\n\r\n\r\n<p>Pour que les v\u00e9hicules autonomes puissent se d\u00e9ployer en toute s\u00e9curit\u00e9, il est imp\u00e9ratif d\u2019\u00e9tablir un cadre r\u00e9glementaire solide et clair. L\u2019Union europ\u00e9enne a progressivement \u00e9labor\u00e9 des normes adapt\u00e9es \u00e0 ces innovations, mais le chemin reste sem\u00e9 d\u2019emb\u00fbches. Policymakers cherchent aujourd\u2019hui \u00e0 d\u00e9finir avec pr\u00e9cision les conditions dans lesquelles la conduite autonome peut se d\u00e9rouler, jusque dans ses implications mat\u00e9rielles et humaines.<\/p>\r\n\r\n\r\n\r\n<p>La France s\u2019est montr\u00e9e proactive en autorisant d\u00e8s 2018 des exp\u00e9rimentations publics, imposant toutefois des crit\u00e8res stricts de s\u00e9curit\u00e9 avant toute mise en circulation. Ces mesures traduisent une volont\u00e9 de soutenir la recherche tout en prot\u00e9geant les usagers. Le cadre DCAS (Dispositifs de Conduite Automatis\u00e9e Sur route) symbolise cette avanc\u00e9e, harmonisant les exigences pour tous les acteurs dans une logique de responsabilit\u00e9 partag\u00e9e.<\/p>\r\n\r\n\r\n\r\n<p>L\u2019un des sujets les plus complexes concerne la d\u00e9finition de la responsabilit\u00e9 l\u00e9gale en cas d\u2019accident impliquant un v\u00e9hicule autonome. Lorsque la machine prend le relais, il devient difficile d\u2019\u00e9tablir si la faute revient au conducteur souvent d\u00e9charg\u00e9 de son r\u00f4le ou aux fabricants et d\u00e9veloppeurs de logiciels. Cette ambigu\u00eft\u00e9 s\u2019\u00e9tend aux assureurs, qui doivent recalibrer leurs mod\u00e8les pour int\u00e9grer cette nouvelle r\u00e9alit\u00e9. En Allemagne, par exemple, les lois admettent la conduite autonome jusqu\u2019au niveau 3 sur autoroutes, r\u00e9partissant diff\u00e9remment la responsabilit\u00e9 selon l\u2019intervention humaine.<\/p>\r\n\r\n\r\n\r\n<p>Par ailleurs, les discussions \u00e9thiques sont intrins\u00e8ques \u00e0 ce sujet. Des sc\u00e9narios de collisions in\u00e9vitables, parfois d\u00e9sign\u00e9s comme \u00ab dilemmes du tramway \u00bb, obligent \u00e0 concevoir des syst\u00e8mes capables de d\u00e9cisions morales difficiles : faut-il privil\u00e9gier la s\u00e9curit\u00e9 des passagers ou celle des pi\u00e9tons ? Ces questions transcendent le cadre technologique et demandent un dialogue continu entre juristes, philosophes, ing\u00e9nieurs et citoyens, afin de baliser les choix futurs et renforcer la confiance collective dans ces solutions.<\/p>\r\n\r\n\r\n\r\n<h2 class=\"wp-block-heading\">Cybers\u00e9curit\u00e9 et s\u00fbret\u00e9 des v\u00e9hicules autonomes : prot\u00e9ger la mobilit\u00e9 intelligente<\/h2>\r\n\r\n\r\n\r\n<p>L\u2019apparition des <strong><a href=\"https:\/\/www.pub1.fr\/blogueurs\/lethique-des-voitures-autonomes\/\">v\u00e9hicules autonomes<\/a><\/strong> s\u2019accompagne d\u2019une vuln\u00e9rabilit\u00e9 accrue face au cyberrisques. V\u00e9ritable ordinateur roulant et connect\u00e9, la voiture autonome est expos\u00e9e \u00e0 de potentielles attaques informatiques qui pourraient compromettre ses syst\u00e8mes de conduite ou voler les donn\u00e9es personnelles des passagers. Il est donc primordial que les constructeurs int\u00e8grent d\u00e8s la conception des protocoles robustes de cybers\u00e9curit\u00e9.<\/p>\r\n\r\n\r\n\r\n<p>Le standard ISO\/SAE 21434 \u00e9tablit des r\u00e8gles strictes pour la s\u00e9curisation des syst\u00e8mes embarqu\u00e9s, allant du cryptage des communications jusqu\u2019\u00e0 la d\u00e9tection des intrusions. En outre, des mises \u00e0 jour r\u00e9guli\u00e8res permettent aux v\u00e9hicules de se pr\u00e9munir contre de nouvelles vuln\u00e9rabilit\u00e9s, tout comme les pare-feu et syst\u00e8mes d\u2019authentification multipoints garantissent une d\u00e9fense active. Ces technologies font partie int\u00e9grante du standard dans les nouvelles g\u00e9n\u00e9rations de voitures autonomes, renfor\u00e7ant \u00e0 la fois la s\u00e9curit\u00e9 physique des usagers et la confidentialit\u00e9 des donn\u00e9es.<\/p>\r\n\r\n\r\n\r\n<p>Parall\u00e8lement, la transparence des processus de test reste un enjeu majeur pour rassurer la soci\u00e9t\u00e9. Les constructeurs doivent d\u00e9montrer que les v\u00e9hicules ont \u00e9t\u00e9 \u00e9prouv\u00e9s dans divers sc\u00e9narios et que le syst\u00e8me d\u2019intelligence artificielle g\u00e8re ad\u00e9quatement les situations \u00e0 risque. L\u2019utilisation des \u00ab bo\u00eetes noires \u00bb, analogue \u00e0 celles des avions, facilite les analyses apr\u00e8s incidents en fournissant des donn\u00e9es pr\u00e9cises. Cela permet d\u2019\u00e9claircir rapidement les circonstances d\u2019un accident et d\u2019attribuer la responsabilit\u00e9 de mani\u00e8re juste et efficace.<\/p>\r\n\r\n\r\n\r\n<p>Enfin, la s\u00e9curit\u00e9 routi\u00e8re est aussi li\u00e9e \u00e0 l\u2019interaction homme-machine. Les conducteurs doivent \u00eatre form\u00e9s \u00e0 comprendre les limites des v\u00e9hicules autonomes et savoir reprendre la main en cas de d\u00e9faillance du syst\u00e8me. L\u2019\u00e9ducation et l\u2019information deviennent des leviers indispensables pour assurer un d\u00e9ploiement harmonieux et pr\u00e9venir les abus ou m\u00e9susages.<\/p>\r\n\r\n\r\n\r\n<h2 class=\"wp-block-heading\">Enjeux \u00e9thiques et responsabilit\u00e9 l\u00e9gale : repenser la coexistence entre humains et machines<\/h2>\r\n\r\n\r\n\r\n<p>Au c\u0153ur du d\u00e9veloppement des v\u00e9hicules autonomes, les questions \u00e9thiques prennent une place centrale, en particulier lorsqu\u2019il s\u2019agit de d\u00e9finir les responsabilit\u00e9s juridiques et morales. La dissociation progressive du conducteur humain pose des d\u00e9fis in\u00e9dits qui poussent \u00e0 une red\u00e9finition des r\u00e8gles du jeu. Il s\u2019agit d\u2019instaurer une nouvelle forme de confiance o\u00f9 l\u2019intelligence artificielle assume une part importante de la prise de d\u00e9cision.<\/p>\r\n\r\n\r\n\r\n<p>La probl\u00e9matique s\u2019inscrit notamment dans la r\u00e9partition des responsabilit\u00e9s. Dans une voiture autonome, le r\u00f4le d\u2019acteur principal \u00e9volue : le conducteur devient souvent un simple passager d\u00e9tenteur d\u2019un contr\u00f4le partiel ou ponctuel. Ces mutations impliquent que les constructeurs, \u00e9diteurs de logiciels, voire les gestionnaires d\u2019infrastructures, partagent une part importante du devoir de diligence. Cette \u00e9volution a donn\u00e9 lieu \u00e0 l\u2019adoption progressive de lois encadrant la responsabilit\u00e9 produit et la conformit\u00e9 aux r\u00e8gles de s\u00e9curit\u00e9, qui s&rsquo;affinent avec le temps.<\/p>\r\n\r\n\r\n\r\n<p>Le d\u00e9bat \u00e9thique s\u2019intensifie avec la mani\u00e8re dont les algorithmes tranchent lors d\u2019incidents graves. Par exemple, en cas de collision in\u00e9vitable, la gestion des choix de protection entre passagers et autres usagers questionne la conception m\u00eame des syst\u00e8mes embarqu\u00e9s. De telles d\u00e9cisions n\u00e9cessitent une concertation pluraliste, int\u00e9grant les valeurs soci\u00e9tales et les normes culturelles nationales pour l\u00e9gitimer les comportements approuv\u00e9s.<\/p>\r\n\r\n\r\n\r\n<p>Enfin, ces changements influencent directement l\u2019acceptation sociale de la conduite autonome. Les citoyens demeurent sensibles \u00e0 la mani\u00e8re dont les risques sont g\u00e9r\u00e9s et \u00e0 la transparence des d\u00e9cisions prises par les intelligences artificielles. Un dialogue ouvert, sensibilisant aux enjeux et aux b\u00e9n\u00e9fices, est essentiel pour accompagner cette transition et assurer une adoption plus large et s\u00e9curis\u00e9e.<\/p>\r\n\r\n\r\n","protected":false},"excerpt":{"rendered":"<p>La r\u00e9volution des v\u00e9hicules autonomes s&rsquo;acc\u00e9l\u00e8re en 2026, m\u00e9tamorphosant la mani\u00e8re dont nous concevons la mobilit\u00e9. Ces v\u00e9hicules de nouvelle g\u00e9n\u00e9ration, dot\u00e9s de capacit\u00e9s d\u00e9cisionnelles in\u00e9dites, portent la promesse d\u2019une s\u00e9curit\u00e9 routi\u00e8re renforc\u00e9e et d\u2019une exp\u00e9rience utilisateur singuli\u00e8rement am\u00e9lior\u00e9e. Pourtant, cette avanc\u00e9e ne s\u2019appr\u00e9cie pas uniquement \u00e0 travers le prisme technologique. La prolif\u00e9ration de ces&#8230;<\/p>\n","protected":false},"author":56,"featured_media":3418,"comment_status":"open","ping_status":"open","sticky":false,"template":"","format":"standard","meta":{"_kad_post_transparent":"","_kad_post_title":"","_kad_post_layout":"","_kad_post_sidebar_id":"","_kad_post_content_style":"","_kad_post_vertical_padding":"","_kad_post_feature":"","_kad_post_feature_position":"","_kad_post_header":false,"_kad_post_footer":false,"_kad_post_classname":"","footnotes":""},"categories":[13],"tags":[368],"class_list":["post-3417","post","type-post","status-publish","format-standard","has-post-thumbnail","hentry","category-autos-motos","tag-vehicules-autonomes"],"aioseo_notices":[],"_links":{"self":[{"href":"https:\/\/www.pub1.fr\/blogueurs\/wp-json\/wp\/v2\/posts\/3417","targetHints":{"allow":["GET"]}}],"collection":[{"href":"https:\/\/www.pub1.fr\/blogueurs\/wp-json\/wp\/v2\/posts"}],"about":[{"href":"https:\/\/www.pub1.fr\/blogueurs\/wp-json\/wp\/v2\/types\/post"}],"author":[{"embeddable":true,"href":"https:\/\/www.pub1.fr\/blogueurs\/wp-json\/wp\/v2\/users\/56"}],"replies":[{"embeddable":true,"href":"https:\/\/www.pub1.fr\/blogueurs\/wp-json\/wp\/v2\/comments?post=3417"}],"version-history":[{"count":2,"href":"https:\/\/www.pub1.fr\/blogueurs\/wp-json\/wp\/v2\/posts\/3417\/revisions"}],"predecessor-version":[{"id":3420,"href":"https:\/\/www.pub1.fr\/blogueurs\/wp-json\/wp\/v2\/posts\/3417\/revisions\/3420"}],"wp:featuredmedia":[{"embeddable":true,"href":"https:\/\/www.pub1.fr\/blogueurs\/wp-json\/wp\/v2\/media\/3418"}],"wp:attachment":[{"href":"https:\/\/www.pub1.fr\/blogueurs\/wp-json\/wp\/v2\/media?parent=3417"}],"wp:term":[{"taxonomy":"category","embeddable":true,"href":"https:\/\/www.pub1.fr\/blogueurs\/wp-json\/wp\/v2\/categories?post=3417"},{"taxonomy":"post_tag","embeddable":true,"href":"https:\/\/www.pub1.fr\/blogueurs\/wp-json\/wp\/v2\/tags?post=3417"}],"curies":[{"name":"wp","href":"https:\/\/api.w.org\/{rel}","templated":true}]}}