{"id":3397,"date":"2026-02-24T07:11:45","date_gmt":"2026-02-24T06:11:45","guid":{"rendered":"https:\/\/www.pub1.fr\/blogueurs\/?p=3397"},"modified":"2026-02-24T07:11:56","modified_gmt":"2026-02-24T06:11:56","slug":"lessor-des-voitures-electriques","status":"publish","type":"post","link":"https:\/\/www.pub1.fr\/blogueurs\/lessor-des-voitures-electriques\/","title":{"rendered":"L\u2019essor des voitures \u00e9lectriques en 2026 : chiffres et tendances"},"content":{"rendered":"\r\n<p>La mobilit\u00e9 conna\u00eet une transformation sans pr\u00e9c\u00e9dent gr\u00e2ce \u00e0 l\u2019essor des voitures \u00e9lectriques. En 2026, ce march\u00e9 en pleine \u00e9volution s\u2019affirme comme un pilier majeur de la transition \u00e9nerg\u00e9tique et de la lutte contre le changement climatique. Les avanc\u00e9es technologiques, combin\u00e9es \u00e0 une prise de conscience accrue sur les enjeux environnementaux, favorisent un changement massif des comportements d\u2019achat.<\/p>\r\n\r\n\r\n\r\n<p><!--more--><\/p>\r\n\r\n\r\n\r\n<h2 class=\"wp-block-heading\">Les donn\u00e9es marquantes de l\u2019essor des voitures \u00e9lectriques en 2026<\/h2>\r\n\r\n\r\n\r\n<p>Les chiffres r\u00e9cents r\u00e9v\u00e8lent une acc\u00e9l\u00e9ration significative de l\u2019adoption des v\u00e9hicules \u00e9lectriques. En 2026, les ventes mondiales de voitures \u00e9lectriques franchissent un cap historique, repr\u00e9sentant d\u00e9sormais pr\u00e8s de 35 % des immatriculations neuves \u00e0 l\u2019\u00e9chelle globale affirme <strong><span data-sheets-root=\"1\">viteroutier.fr<\/span><\/strong>. Cette progression rapide s\u2019appuie sur plusieurs facteurs. D\u2019une part, la baisse continue du co\u00fbt moyen des voitures \u00e9lectriques rend ces v\u00e9hicules accessibles \u00e0 un public plus large, ce qui encourage les consommateurs \u00e0 opter pour des solutions plus durables.<\/p>\r\n\r\n\r\n\r\n<p>Les avanc\u00e9es technologiques dans le domaine des batteries lithium jouent un r\u00f4le cl\u00e9 dans cette dynamique. De nouvelles g\u00e9n\u00e9rations de batteries plus performantes et moins co\u00fbteuses ont permis d\u2019augmenter l\u2019autonomie moyenne des v\u00e9hicules, tout en r\u00e9duisant les temps de recharge. En parall\u00e8le, les politiques publiques, notamment les limites impos\u00e9es par les quotas de v\u00e9hicules propres, obligent les constructeurs \u00e0 acc\u00e9l\u00e9rer leur transition vers des gammes plus \u00e9cologiques. Ainsi, on observe une diversification importante de l\u2019offre sur le march\u00e9 automobile \u00e9lectrique, allant des citadines compactes aux v\u00e9hicules utilitaires \u00e9lectriques.<\/p>\r\n\r\n\r\n\r\n<p>Sur le plan r\u00e9gional, l\u2019essor des voitures \u00e9lectriques est particuli\u00e8rement marqu\u00e9 en Europe et en Asie, o\u00f9 des infrastructures recharge modernes sont d\u00e9ploy\u00e9es \u00e0 grande \u00e9chelle. La Chine, pionni\u00e8re dans ce domaine, a consolid\u00e9 son avance gr\u00e2ce \u00e0 un r\u00e9seau dense de bornes et \u00e0 des subventions cibl\u00e9es. En Europe, la volont\u00e9 politique d\u2019atteindre les objectifs climatiques impose une mont\u00e9e en puissance rapide des ventes, soutenue par une forte demande des consommateurs soucieux de mobilit\u00e9 durable. Les \u00c9tats-Unis \u00e9galement enregistrent une croissance soutenue, port\u00e9e par des investissements cons\u00e9quents dans les infrastructures et par le renouvellement voire l\u2019\u00e9lectrification de flottes institutionnelles.<\/p>\r\n\r\n\r\n\r\n<p>Cette \u00e9volution des comportements impacte de fa\u00e7on majeure la r\u00e9duction \u00e9missions de gaz \u00e0 effet de serre li\u00e9es au secteur des transports. Le passage aux voitures \u00e9lectriques, coupl\u00e9 \u00e0 une production \u00e9nerg\u00e9tique toujours plus verte gr\u00e2ce \u00e0 l\u2019\u00e9nergie renouvelable, cr\u00e9dibilise les promesses de la d\u00e9carbonation. Ce virage impacte aussi la cha\u00eene logistique et industrielle, avec un d\u00e9veloppement intense des activit\u00e9s li\u00e9es \u00e0 la fabrication, au recyclage et \u00e0 la gestion des batteries lithium. La capacit\u00e9 \u00e0 int\u00e9grer ces innovations dans un cadre \u00e9conomique viable est d\u00e9sormais un enjeu primordial pour les acteurs industriels et les pouvoirs publics.<\/p>\r\n\r\n\r\n\r\n<h2 class=\"wp-block-heading\">Le r\u00f4le crucial des infrastructures recharge pour soutenir l\u2019essor des voitures \u00e9lectriques<\/h2>\r\n\r\n\r\n\r\n<p>L\u2019essor des voitures \u00e9lectriques d\u00e9pend largement de la disponibilit\u00e9 et de la qualit\u00e9 des infrastructures recharge. En 2026, ce secteur conna\u00eet une expansion exponentielle, avec un d\u00e9ploiement sur plusieurs fronts. Autant pour les particuliers que pour les entreprises et les collectivit\u00e9s, les bornes de recharge deviennent un \u00e9l\u00e9ment fondamental pour garantir la simplicit\u00e9 d\u2019utilisation et l\u2019autonomie des v\u00e9hicules \u00e9lectriques.<\/p>\r\n\r\n\r\n\r\n<p>Le d\u00e9veloppement des points de recharge rapides en zone urbaine et sur les axes routiers principaux facilite les d\u00e9placements longue distance. Les innovations technologiques permettent d\u00e9sormais de diminuer consid\u00e9rablement le temps n\u00e9cessaire pour un plein d\u2019\u00e9nergie, passant de plusieurs heures \u00e0 moins de 20 minutes pour certaines bornes. Parall\u00e8lement, la multiplication des bornes \u00e0 recharge lente dans les parkings priv\u00e9s ou publics r\u00e9pond aux besoins quotidiens des utilisateurs, qui peuvent ainsi recharger leur v\u00e9hicule pendant la nuit ou lors de leurs activit\u00e9s habituelles.<\/p>\r\n\r\n\r\n\r\n<p>Un autre aspect essentiel repose sur l\u2019int\u00e9gration des infrastructures recharge dans un syst\u00e8me \u00e9nerg\u00e9tique intelligent. Gr\u00e2ce \u00e0 la connexion avec des r\u00e9seaux intelligents et l\u2019usage croissant de l\u2019\u00e9nergie renouvelable, les bornes contribuent \u00e0 une meilleure gestion de la demande \u00e9nerg\u00e9tique. Elles peuvent, par exemple, ajuster la puissance de recharge en fonction de la disponibilit\u00e9 de sources solaires ou \u00e9oliennes, maximisant ainsi l\u2019utilisation de ces \u00e9nergies vertes et r\u00e9duisant l\u2019empreinte carbone du secteur automobile \u00e9lectrique.<\/p>\r\n\r\n\r\n\r\n<p>Les projets d\u2019am\u00e9nagement urbain prennent en compte ces nouvelles exigences. Plusieurs villes testent des mod\u00e8les innovants de stations urbaines int\u00e9grant recharge et services annexes, comme le covoiturage \u00e9lectrique ou le partage de v\u00e9hicules. Ces dispositifs favorisent une mobilit\u00e9 durable et participent \u00e0 la r\u00e9duction des \u00e9missions dans les zones dens\u00e9ment peupl\u00e9es. Le r\u00f4le des autorit\u00e9s locales est \u00e9galement primordial : elles imposent des normes et incitations pour int\u00e9grer les infrastructures recharge dans les constructions neuves, garantissant un acc\u00e8s g\u00e9n\u00e9ralis\u00e9 \u00e0 la recharge \u00e9lectrique dans les ann\u00e9es \u00e0 venir.<\/p>\r\n\r\n\r\n\r\n\r\n\r\n\r\n\r\n<h2 class=\"wp-block-heading\">L&rsquo;impact des politiques publiques et quotas de v\u00e9hicules propres sur le march\u00e9 des voitures \u00e9lectriques<\/h2>\r\n\r\n\r\n\r\n<p>Les politiques publiques jouent un r\u00f4le d\u00e9terminant dans l\u2019essor des <a href=\"https:\/\/www.pub1.fr\/blogueurs\/meilleures-berlines-100-electriques\/\"><strong>voitures \u00e9lectriques<\/strong><\/a>. En imposant des quotas de v\u00e9hicules propres, plusieurs gouvernements ont r\u00e9ussi \u00e0 orienter le march\u00e9 automobile \u00e9lectrique vers une croissance intensive. Ces quotas obligent les constructeurs \u00e0 atteindre des seuils pr\u00e9cis de ventes de voitures \u00e9lectriques ou hybrides, sous peine de sanctions financi\u00e8res. Cette pression r\u00e9glementaire stimule l\u2019innovation technologique et la diversification des mod\u00e8les disponibles.<\/p>\r\n\r\n\r\n\r\n<p>Au-del\u00e0 des quotas, des mesures incitatives comme les primes \u00e0 l\u2019achat, les exon\u00e9rations fiscales ou l\u2019acc\u00e8s facilit\u00e9 aux zones urbaines \u00e0 faible \u00e9mission renforcent l\u2019attractivit\u00e9 des v\u00e9hicules \u00e9lectriques. Ces dispositifs ciblent non seulement les particuliers mais aussi les flottes professionnelles, un segment cl\u00e9 pour p\u00e9renniser la transition vers une mobilit\u00e9 durable. Par exemple, plusieurs grandes entreprises ont adopt\u00e9 des quotas internes pour \u00e9lectrifier leur parc automobile, contribuant \u00e0 r\u00e9duire les \u00e9missions globales associ\u00e9es \u00e0 leurs activit\u00e9s.<\/p>\r\n\r\n\r\n\r\n<p>Les strat\u00e9gies nationales int\u00e8grent aussi des objectifs ambitieux d\u2019utilisation d\u2019\u00e9nergie renouvelable dans le mix \u00e9nerg\u00e9tique, ce qui rend la recharge des v\u00e9hicules \u00e9lectriques de plus en plus verte. Cette convergence entre \u00e9nergies vertes et mobilit\u00e9 \u00e9lectrique amplifie les b\u00e9n\u00e9fices environnementaux et cr\u00e9e une dynamique positive sur l\u2019ensemble du march\u00e9. En outre, des programmes de recherche publique financent des projets d\u2019innovation pour soutenir le d\u00e9veloppement de batteries lithium plus durables et d\u2019infrastructures recharge performantes.<\/p>\r\n\r\n\r\n\r\n<p>L\u2019impact des politiques publiques se traduit \u00e9galement par une forte mont\u00e9e en puissance des ventes dans certains pays, avec des mod\u00e8les \u00e9conomiques renouvel\u00e9s, notamment via la g\u00e9n\u00e9ralisation des plateformes de mobilit\u00e9 int\u00e9gr\u00e9e. Ces plateformes permettent d\u2019optimiser l\u2019usage des voitures \u00e9lectriques, facilitant l\u2019acc\u00e8s \u00e0 la mobilit\u00e9 alternative, r\u00e9duisant la n\u00e9cessit\u00e9 de poss\u00e9der un v\u00e9hicule personnel et participant ainsi \u00e0 la d\u00e9carbonation globale.<\/p>\r\n\r\n\r\n\r\n\r\n\r\n<h2 class=\"wp-block-heading\">Les batteries lithium : moteur central de l\u2019innovation technologique dans le secteur \u00e9lectrique<\/h2>\r\n\r\n\r\n\r\n<p>Les batteries lithium occupent une place centrale dans l\u2019essor des voitures \u00e9lectriques. Leurs performances intrins\u00e8ques d\u00e9terminent directement l\u2019autonomie, le temps de recharge, ainsi que la durabilit\u00e9 des v\u00e9hicules. En 2026, les avanc\u00e9es se sont intensifi\u00e9es autour de plusieurs axes majeurs : l\u2019am\u00e9lioration de la densit\u00e9 \u00e9nerg\u00e9tique, la r\u00e9duction des co\u00fbts de production et la gestion \u00e9cologique des ressources employ\u00e9es.<\/p>\r\n\r\n\r\n\r\n<p>Des innovations telles que les batteries solides (solid-state) offrent des perspectives prometteuses. Ces batteries remplacent l\u2019\u00e9lectrolyte liquide par un solide, ce qui augmente la s\u00e9curit\u00e9, la capacit\u00e9 \u00e9nerg\u00e9tique et acc\u00e9l\u00e8re le processus de recharge. Plusieurs fabricants ont d\u00e9j\u00e0 int\u00e9gr\u00e9 ces batteries dans des mod\u00e8les commerciaux, r\u00e9pondant \u00e0 une demande croissante d\u2019autonomie sup\u00e9rieure tout en garantissant une meilleure r\u00e9sistance aux temp\u00e9ratures extr\u00eames.<\/p>\r\n\r\n\r\n\r\n<p>Par ailleurs, le recyclage des batteries lithium conna\u00eet une r\u00e9volution gr\u00e2ce \u00e0 de nouvelles m\u00e9thodes chimiques et m\u00e9caniques qui permettent de r\u00e9cup\u00e9rer une grande partie des mat\u00e9riaux pr\u00e9cieux. Cette boucle circulaire favorise l\u2019\u00e9conomie circulaire et r\u00e9duit l\u2019empreinte \u00e9cologique du secteur automobile \u00e9lectrique.<\/p>\r\n\r\n\r\n\r\n<p>Le march\u00e9 cherche aussi \u00e0 diversifier les ressources, avec des recherches sur des alternatives au lithium, telles que les batteries sodium-ion ou \u00e0 base de magn\u00e9sium. Ces solutions pourraient permettre d\u2019\u00e9viter les tensions li\u00e9es \u00e0 l\u2019extraction du lithium et \u00e0 la demande croissante dans d\u2019autres secteurs industriels.<\/p>\r\n\r\n\r\n\r\n<p>Les enjeux li\u00e9s \u00e0 la cha\u00eene d\u2019approvisionnement en batteries lithium restent cependant complexes. L\u2019\u00e9quilibre entre extraction responsable, innovation technologique, et exigences environnementales est un d\u00e9fi majeur pour toutes les parties prenantes. \u00c0 l\u2019horizon 2030, ces batteries continueront de jouer un r\u00f4le central dans le maintien de l\u2019essor des voitures \u00e9lectriques, en tirant parti des progr\u00e8s scientifiques et industriels r\u00e9alis\u00e9s.<\/p>\r\n\r\n\r\n","protected":false},"excerpt":{"rendered":"<p>La mobilit\u00e9 conna\u00eet une transformation sans pr\u00e9c\u00e9dent gr\u00e2ce \u00e0 l\u2019essor des voitures \u00e9lectriques. En 2026, ce march\u00e9 en pleine \u00e9volution s\u2019affirme comme un pilier majeur de la transition \u00e9nerg\u00e9tique et de la lutte contre le changement climatique. Les avanc\u00e9es technologiques, combin\u00e9es \u00e0 une prise de conscience accrue sur les enjeux environnementaux, favorisent un changement massif&#8230;<\/p>\n","protected":false},"author":56,"featured_media":3398,"comment_status":"open","ping_status":"open","sticky":false,"template":"","format":"standard","meta":{"_kad_post_transparent":"","_kad_post_title":"","_kad_post_layout":"","_kad_post_sidebar_id":"","_kad_post_content_style":"","_kad_post_vertical_padding":"","_kad_post_feature":"","_kad_post_feature_position":"","_kad_post_header":false,"_kad_post_footer":false,"_kad_post_classname":"","footnotes":""},"categories":[13],"tags":[383],"class_list":["post-3397","post","type-post","status-publish","format-standard","has-post-thumbnail","hentry","category-autos-motos","tag-voitures-electriques"],"aioseo_notices":[],"_links":{"self":[{"href":"https:\/\/www.pub1.fr\/blogueurs\/wp-json\/wp\/v2\/posts\/3397","targetHints":{"allow":["GET"]}}],"collection":[{"href":"https:\/\/www.pub1.fr\/blogueurs\/wp-json\/wp\/v2\/posts"}],"about":[{"href":"https:\/\/www.pub1.fr\/blogueurs\/wp-json\/wp\/v2\/types\/post"}],"author":[{"embeddable":true,"href":"https:\/\/www.pub1.fr\/blogueurs\/wp-json\/wp\/v2\/users\/56"}],"replies":[{"embeddable":true,"href":"https:\/\/www.pub1.fr\/blogueurs\/wp-json\/wp\/v2\/comments?post=3397"}],"version-history":[{"count":4,"href":"https:\/\/www.pub1.fr\/blogueurs\/wp-json\/wp\/v2\/posts\/3397\/revisions"}],"predecessor-version":[{"id":3472,"href":"https:\/\/www.pub1.fr\/blogueurs\/wp-json\/wp\/v2\/posts\/3397\/revisions\/3472"}],"wp:featuredmedia":[{"embeddable":true,"href":"https:\/\/www.pub1.fr\/blogueurs\/wp-json\/wp\/v2\/media\/3398"}],"wp:attachment":[{"href":"https:\/\/www.pub1.fr\/blogueurs\/wp-json\/wp\/v2\/media?parent=3397"}],"wp:term":[{"taxonomy":"category","embeddable":true,"href":"https:\/\/www.pub1.fr\/blogueurs\/wp-json\/wp\/v2\/categories?post=3397"},{"taxonomy":"post_tag","embeddable":true,"href":"https:\/\/www.pub1.fr\/blogueurs\/wp-json\/wp\/v2\/tags?post=3397"}],"curies":[{"name":"wp","href":"https:\/\/api.w.org\/{rel}","templated":true}]}}