{"id":2602,"date":"2025-06-20T08:15:13","date_gmt":"2025-06-20T06:15:13","guid":{"rendered":"https:\/\/www.pub1.fr\/blogueurs\/?p=2602"},"modified":"2025-06-20T08:15:23","modified_gmt":"2025-06-20T06:15:23","slug":"innovations-et-tendances-automobile","status":"publish","type":"post","link":"https:\/\/www.pub1.fr\/blogueurs\/innovations-et-tendances-automobile\/","title":{"rendered":"Les derni\u00e8res innovations et tendances marquantes dans le secteur automobile"},"content":{"rendered":"<p>Le secteur automobile conna\u00eet une mutation profonde qui red\u00e9finit ses fondations historiques. Parmi les forces motrices de cette transformation, l\u2019\u00e9lectrification, l\u2019autonomie des v\u00e9hicules et la connectivit\u00e9 jouent un r\u00f4le pr\u00e9pond\u00e9rant. Cette r\u00e9volution technologique s\u2019accompagne d\u2019une \u00e9volution des strat\u00e9gies industrielles, o\u00f9 les g\u00e9ants \u00e9tablis comme Toyota et Volkswagen s\u2019adaptent aux d\u00e9fis modernes tandis que l\u2019essor des constructeurs chinois r\u00e9invente la comp\u00e9tition globale. Parall\u00e8lement, la mobilit\u00e9 durable devient un axe primordial, port\u00e9 par de fortes innovations en mati\u00e8re de batteries et d\u2019architectures de v\u00e9hicules. Cette dynamique, renforc\u00e9e par des collaborations in\u00e9dites et des r\u00e9ponses strat\u00e9giques aux march\u00e9s internationaux, esquisse d\u00e9j\u00e0 le visage de l\u2019automobile de demain.<!--more--><\/p>\r\n<!-- \/wp:post-content -->\r\n\r\n<!-- wp:heading {\"level\":2} -->\r\n<h2>Les grandes r\u00e9volutions technologiques dans le secteur automobile : vers une mobilit\u00e9 intelligente et \u00e9lectrique<\/h2>\r\n<!-- \/wp:heading -->\r\n\r\n<!-- wp:paragraph -->\r\n<p><a href=\"https:\/\/transportsgsc.com\/actualites-du-secteur-automobile-innovations-et-tendances-cles.php\"><strong>Le secteur automobile<\/strong> <\/a>se trouve \u00e0 un moment charni\u00e8re o\u00f9 \u00e9mergent des innovations technologiques qui promettent de transformer radicalement notre vision de la mobilit\u00e9. La conduite \u00e9lectrique, plus qu\u2019une simple tendance, est d\u00e9sormais au c\u0153ur des projets de nombreux constructeurs. Renault, Peugeot et Citro\u00ebn, embl\u00e8mes fran\u00e7ais du secteur, ont largement investi dans le d\u00e9veloppement de voitures \u00e9lectriques dot\u00e9es de batteries \u00e0 autonomie accrue et de temps de charge optimis\u00e9s. Cette \u00e9volution va bien au-del\u00e0 de la simple fabrication de v\u00e9hicules, influen\u00e7ant aussi profond\u00e9ment la conception des infrastructures de recharge, indispensables pour soutenir cette croissance.<\/p>\r\n<!-- \/wp:paragraph -->\r\n\r\n<!-- wp:paragraph -->\r\n<p>Par ailleurs, les constructeurs allemands tels que BMW, Mercedes-Benz, Audi et Volkswagen renforcent leurs gammes \u00e9lectriques tout en continuant d\u2019explorer les possibilit\u00e9s offertes par les architectures modulaires. Cette modularit\u00e9 permet de concevoir des plateformes capables de supporter plusieurs mod\u00e8les, qu\u2019ils soient \u00e9lectriques ou hybrides, ce qui r\u00e9duit significativement les co\u00fbts industriels et optimise les ressources. Ces innovations facilitent \u00e9galement la personnalisation des v\u00e9hicules, un \u00e9l\u00e9ment particuli\u00e8rement pris\u00e9 par les consommateurs contemporains souhaitant allier performance et individualit\u00e9.<\/p>\r\n<!-- \/wp:paragraph -->\r\n\r\n<!-- wp:paragraph -->\r\n<p>Dans le domaine de la conduite autonome, les progr\u00e8s sont tout aussi impressionnants. Tesla, pionnier incontournable de cette technologie, continue d\u2019affiner ses syst\u00e8mes de pilotage automatique, bas\u00e9s sur l\u2019intelligence artificielle et la collecte de donn\u00e9es en temps r\u00e9el. Ces avanc\u00e9es rendent la conduite semi-autonome plus s\u00fbre et plus intuitive, pr\u00e9parant ainsi le terrain pour un futur o\u00f9 la voiture pourra circuler avec une intervention humaine minimale. D\u2019autres acteurs, comme Ford et Toyota, investissent \u00e9galement massivement dans ce secteur, d\u00e9veloppant des solutions combinant connectivit\u00e9 avanc\u00e9e et aides \u00e0 la conduite, toujours dans une optique d\u2019am\u00e9lioration de la s\u00e9curit\u00e9 et du confort utilisateur.<\/p>\r\n<!-- \/wp:paragraph -->\r\n\r\n<!-- wp:paragraph \/-->\r\n\r\n<!-- wp:heading {\"level\":2} -->\r\n<h2>Impact \u00e9conomique et d\u00e9fis autour de la transition vers la mobilit\u00e9 durable et les march\u00e9s mondiaux<\/h2>\r\n<!-- \/wp:heading -->\r\n\r\n<!-- wp:paragraph -->\r\n<p>Les transformations technologiques du secteur automobile s\u2019accompagnent d\u2019enjeux \u00e9conomiques consid\u00e9rables. Les fluctuations du march\u00e9, exacerb\u00e9es par les perturbations li\u00e9es \u00e0 la pand\u00e9mie et aux crises g\u00e9opolitiques r\u00e9centes, imposent une r\u00e9vision globale des strat\u00e9gies industrielles et commerciales. Volkswagen, par exemple, explore la cr\u00e9ation d\u2019unit\u00e9s de production Audi aux \u00c9tats-Unis afin d\u2019att\u00e9nuer l\u2019impact des tarifs douaniers, une initiative r\u00e9v\u00e9latrice des tensions commerciales actuelles. Ce genre d\u2019adaptation souligne l\u2019importance de la flexibilit\u00e9 industrielle dans un contexte o\u00f9 les r\u00e8gles du commerce international \u00e9voluent rapidement.<\/p>\r\n<!-- \/wp:paragraph -->\r\n\r\n<!-- wp:paragraph -->\r\n<p>D\u2019autres groupes comme Stellantis, qui rassemble Peugeot, Citro\u00ebn et Fiat Chrysler, doivent faire face \u00e0 une comp\u00e9tition f\u00e9roce et \u00e0 des pressions r\u00e9glementaires exigeantes en mati\u00e8re d\u2019\u00e9missions de CO2, tout en tentant de conserver leurs parts de march\u00e9 face aux acteurs \u00e9mergents. Cette comp\u00e9tition inclut une mont\u00e9e en puissance des constructeurs chinois, qui imposent leur pr\u00e9sence \u00e0 l\u2019international avec des offres attractives combinant prix comp\u00e9titifs et innovation technologique. Le salon de l\u2019automobile de Shanghai est un v\u00e9ritable r\u00e9v\u00e9lateur de cette nouvelle donne, mettant en lumi\u00e8re la capacit\u00e9 des marques chinoises \u00e0 s\u2019imposer par l\u2019innovation et des strat\u00e9gies marketing agressives.<\/p>\r\n<!-- \/wp:paragraph -->\r\n\r\n<!-- wp:paragraph -->\r\n<p>La transition vers une mobilit\u00e9 plus durable est \u00e9galement stimul\u00e9e par des politiques \u00e9tatiques incitatives. En Allemagne, des mesures \u00e9conomiques favorisent l\u2019adoption des v\u00e9hicules \u00e9lectriques, tandis qu\u2019en France, des dispositifs comme les bonus \u00e9cologiques encouragent l\u2019\u00e9lectromobilit\u00e9. Ford propose par exemple des r\u00e9ductions imm\u00e9diates en combinant ses offres avec des Certificats d\u2019\u00e9conomie d\u2019\u00e9nergie, traduisant une tendance forte \u00e0 soutenir ce changement de paradigme. L\u2019adoption massive des voitures \u00e9lectriques s\u2019appuie donc non seulement sur la technologie, mais aussi sur ces leviers \u00e9conomiques qui facilitent leur diffusion aupr\u00e8s du grand public.<\/p>\r\n<!-- \/wp:paragraph -->\r\n\r\n<!-- wp:paragraph \/-->\r\n\r\n<!-- wp:heading {\"level\":2} -->\r\n<h2>Les nouveaux mod\u00e8les de v\u00e9hicules : de l&rsquo;\u00e9lectrique \u00e0 l\u2019autonomie compl\u00e8te, un secteur en pleine effervescence<\/h2>\r\n<!-- \/wp:heading -->\r\n\r\n<!-- wp:paragraph -->\r\n<p>En 2025, le march\u00e9 voit l\u2019\u00e9mergence de nombreux mod\u00e8les innovants qui refl\u00e8tent la diversit\u00e9 des solutions destin\u00e9es \u00e0 r\u00e9pondre \u00e0 des usages vari\u00e9s et \u00e0 des exigences environnementales strictes. Renault, Peugeot et Citro\u00ebn d\u00e9voilent r\u00e9guli\u00e8rement de nouvelles versions de voitures \u00e9lectriques, int\u00e9grant des innovations sur l\u2019autonomie des batteries et la r\u00e9duction des temps de recharge. Par exemple, certains mod\u00e8les de Peugeot Electric utilitaire b\u00e9n\u00e9ficient actuellement d\u2019offres attractives qui facilitent leur acquisition par les professionnels, acc\u00e9l\u00e9rant ainsi l\u2019\u00e9lectrification des flottes commerciales.<\/p>\r\n<!-- \/wp:paragraph -->\r\n\r\n<!-- wp:paragraph -->\r\n<p>BMW et Mercedes-Benz, de leur c\u00f4t\u00e9, capitalisent sur le luxe et la performance tout en int\u00e9grant les derni\u00e8res avanc\u00e9es technologiques. Ces marques proposent des <a href=\"https:\/\/www.pub1.fr\/blogueurs\/la-personnalisation-automobile\/\"><strong>v\u00e9hicules \u00e9lectriques<\/strong><\/a> haut de gamme qui allient design, confort et intelligence embarqu\u00e9e, cr\u00e9ant ainsi une nouvelle cat\u00e9gorie o\u00f9 la mobilit\u00e9 durable rime avec prestige. Audi compl\u00e8te cette palette avec ses mod\u00e8les allemands r\u00e9put\u00e9s pour leur robustesse et leur innovation, notamment en mati\u00e8re d\u2019assistance \u00e0 la conduite et de connectivit\u00e9 avanc\u00e9e.<\/p>\r\n<!-- \/wp:paragraph -->\r\n\r\n<!-- wp:paragraph -->\r\n<p>La conduite autonome est \u00e9galement au c\u0153ur de ces nouveaux mod\u00e8les. Tesla continue de perfectionner ses logiciels pour atteindre un fonctionnement optimal avec un niveau d\u2019autonomie \u00e9lev\u00e9. Ford et Toyota d\u00e9veloppent \u00e9galement des v\u00e9hicules capables d\u2019offrir des fonctions automatis\u00e9es \u00e9volu\u00e9es, comme le maintien de voie ou la capacit\u00e9 \u00e0 g\u00e9rer certains environnements urbains sans intervention humaine. Ces technologies sont destin\u00e9es \u00e0 r\u00e9duire le stress du conducteur et \u00e0 am\u00e9liorer la s\u00e9curit\u00e9, deux attentes majeures des usagers contemporains.<\/p>\r\n<!-- \/wp:paragraph -->\r\n\r\n<!-- wp:paragraph -->\r\n<p>En parall\u00e8le, les architectures innovantes permettent une meilleure adaptabilit\u00e9 aux futurs besoins. Ces plateformes modulaires peuvent \u00eatre utilis\u00e9es pour diff\u00e9rents segments de v\u00e9hicules, r\u00e9duisant ainsi les co\u00fbts de d\u00e9veloppement tout en r\u00e9pondant rapidement aux \u00e9volutions du march\u00e9. Par exemple, une m\u00eame plateforme pourrait servir pour un SUV compact \u00e9lectrique comme pour une berline haut de gamme, ce qui offre une souplesse strat\u00e9gique essentielle lorsque les cycles d\u2019innovation dans l\u2019automobile s\u2019acc\u00e9l\u00e8rent.<\/p>\r\n<!-- \/wp:paragraph -->\r\n\r\n<!-- wp:paragraph \/-->\r\n\r\n","protected":false},"excerpt":{"rendered":"<p>Le secteur automobile conna\u00eet une mutation profonde qui red\u00e9finit ses fondations historiques. Parmi les forces motrices de cette transformation, l\u2019\u00e9lectrification, l\u2019autonomie des v\u00e9hicules et la connectivit\u00e9 jouent un r\u00f4le pr\u00e9pond\u00e9rant. Cette r\u00e9volution technologique s\u2019accompagne d\u2019une \u00e9volution des strat\u00e9gies industrielles, o\u00f9 les g\u00e9ants \u00e9tablis comme Toyota et Volkswagen s\u2019adaptent aux d\u00e9fis modernes tandis que l\u2019essor des&#8230;<\/p>\n","protected":false},"author":56,"featured_media":2603,"comment_status":"open","ping_status":"open","sticky":false,"template":"","format":"standard","meta":{"_kad_post_transparent":"","_kad_post_title":"","_kad_post_layout":"","_kad_post_sidebar_id":"","_kad_post_content_style":"","_kad_post_vertical_padding":"","_kad_post_feature":"","_kad_post_feature_position":"","_kad_post_header":false,"_kad_post_footer":false,"_kad_post_classname":"","footnotes":""},"categories":[13],"tags":[306],"class_list":["post-2602","post","type-post","status-publish","format-standard","has-post-thumbnail","hentry","category-autos-motos","tag-tendances-automobile"],"aioseo_notices":[],"_links":{"self":[{"href":"https:\/\/www.pub1.fr\/blogueurs\/wp-json\/wp\/v2\/posts\/2602","targetHints":{"allow":["GET"]}}],"collection":[{"href":"https:\/\/www.pub1.fr\/blogueurs\/wp-json\/wp\/v2\/posts"}],"about":[{"href":"https:\/\/www.pub1.fr\/blogueurs\/wp-json\/wp\/v2\/types\/post"}],"author":[{"embeddable":true,"href":"https:\/\/www.pub1.fr\/blogueurs\/wp-json\/wp\/v2\/users\/56"}],"replies":[{"embeddable":true,"href":"https:\/\/www.pub1.fr\/blogueurs\/wp-json\/wp\/v2\/comments?post=2602"}],"version-history":[{"count":2,"href":"https:\/\/www.pub1.fr\/blogueurs\/wp-json\/wp\/v2\/posts\/2602\/revisions"}],"predecessor-version":[{"id":2605,"href":"https:\/\/www.pub1.fr\/blogueurs\/wp-json\/wp\/v2\/posts\/2602\/revisions\/2605"}],"wp:featuredmedia":[{"embeddable":true,"href":"https:\/\/www.pub1.fr\/blogueurs\/wp-json\/wp\/v2\/media\/2603"}],"wp:attachment":[{"href":"https:\/\/www.pub1.fr\/blogueurs\/wp-json\/wp\/v2\/media?parent=2602"}],"wp:term":[{"taxonomy":"category","embeddable":true,"href":"https:\/\/www.pub1.fr\/blogueurs\/wp-json\/wp\/v2\/categories?post=2602"},{"taxonomy":"post_tag","embeddable":true,"href":"https:\/\/www.pub1.fr\/blogueurs\/wp-json\/wp\/v2\/tags?post=2602"}],"curies":[{"name":"wp","href":"https:\/\/api.w.org\/{rel}","templated":true}]}}