{"id":2593,"date":"2025-06-18T08:25:58","date_gmt":"2025-06-18T06:25:58","guid":{"rendered":"https:\/\/www.pub1.fr\/blogueurs\/?p=2593"},"modified":"2025-06-18T08:27:24","modified_gmt":"2025-06-18T06:27:24","slug":"centres-de-formation-esthetique","status":"publish","type":"post","link":"https:\/\/www.pub1.fr\/blogueurs\/centres-de-formation-esthetique\/","title":{"rendered":"Formation esth\u00e9tique \u00e0 Toulouse : cap vers un avenir brillant"},"content":{"rendered":"<p>Au c\u0153ur de Toulouse, la capitale de la r\u00e9gion Occitanie, s\u2019\u00e9l\u00e8vent des \u00e9tablissements d\u2019excellence d\u00e9di\u00e9s \u00e0 la formation dans l\u2019univers de l\u2019esth\u00e9tique. Ces \u00e9coles sp\u00e9cialis\u00e9es attirent chaque ann\u00e9e des milliers de jeunes passionn\u00e9s par la beaut\u00e9, les soins du corps et le bien-\u00eatre. Toulouse, avec son dynamisme \u00e9conomique et son ouverture culturelle, offre un terrain propice pour apprendre les techniques modernes tout en cr\u00e9ant un r\u00e9seau solide avec des acteurs prestigieux du secteur. Les centres de formation esth\u00e9tique toulousains allient tradition et innovation, proposant des cursus adapt\u00e9s \u00e0 tous les profils, du d\u00e9butant cherchant un CAP au professionnel visant des dipl\u00f4mes sup\u00e9rieurs en management du luxe. La richesse des programmes disponibles est une r\u00e9ponse directe \u00e0 la demande croissante d\u2019experts qualifi\u00e9s dans un domaine en constante \u00e9volution.<!--more--><\/p>\r\n<!-- \/wp:post-content -->\r\n\r\n<!-- wp:paragraph \/-->\r\n\r\n<!-- wp:heading {\"level\":2} -->\r\n<h2>Les centres de formation esth\u00e9tique \u00e0 Toulouse : un vivier d\u2019opportunit\u00e9s pour les futurs professionnels<\/h2>\r\n<!-- \/wp:heading -->\r\n\r\n<!-- wp:paragraph -->\r\n<p>La ville rose abrite plusieurs centres d\u00e9di\u00e9s \u00e0 la<a href=\"https:\/\/kimonte.com\/centre-de-formation-esthetique-a-toulouse-votre-avenir-en-beaute.php\"><strong> formation dans le domaine de l\u2019esth\u00e9tique<\/strong><\/a>, o\u00f9 chaque \u00e9cole d\u00e9ploie une p\u00e9dagogie adapt\u00e9e aux exigences du march\u00e9. L\u2019\u00c9cole Terrade illustre parfaitement cette dynamique en proposant un large \u00e9ventail de cursus allant du CAP esth\u00e9tique aux masters en management de la beaut\u00e9 et du luxe. Cette \u00e9cole professionnelle de la beaut\u00e9 \u00e0 Toulouse se d\u00e9marque gr\u00e2ce \u00e0 des installations dernier cri, des laboratoires de pratique, ainsi qu\u2019un corps professoral exp\u00e9riment\u00e9, passionn\u00e9 par la transmission des savoirs.<\/p>\r\n<!-- \/wp:paragraph -->\r\n\r\n<!-- wp:paragraph -->\r\n<p>La force de ces instituts r\u00e9side \u00e9galement dans leurs partenariats solides avec des marques prestigieuses. Par exemple, l\u2019\u00c9cole Terrade collabore \u00e9troitement avec Dior, ce qui permet aux \u00e9tudiants de b\u00e9n\u00e9ficier de stages immersifs dans un contexte professionnel exigeant, favorisant l\u2019acquisition de comp\u00e9tences pointues et la d\u00e9couverte des tendances innovantes. Ces exp\u00e9riences terrain constituent des atouts majeurs pour l&rsquo;avenir des apprenants.<\/p>\r\n<!-- \/wp:paragraph -->\r\n\r\n<!-- wp:paragraph -->\r\n<p>Forma\u2019Sud constitue un autre exemple d\u2019institut de beaut\u00e9 et bien-\u00eatre \u00e0 Toulouse proposant des formations continues et dipl\u00f4mantes. Son programme phare, un CAP esth\u00e9tique en neuf mois, attire des candidats souhaitant une mont\u00e9e en comp\u00e9tence rapide, avec une attention particuli\u00e8re port\u00e9e \u00e0 la ma\u00eetrise des techniques traditionnelles et des nouveaut\u00e9s du secteur. Ce centre de formation esth\u00e9tique Toulouse dispose \u00e9galement d\u2019une approche p\u00e9dagogico-technologique innovante visant \u00e0 offrir aux \u00e9tudiants un environnement stimulant.<\/p>\r\n<!-- \/wp:paragraph -->\r\n\r\n<!-- wp:paragraph \/-->\r\n\r\n<!-- wp:heading {\"level\":3} -->\r\n<h3>Un r\u00f4le pr\u00e9pond\u00e9rant dans la formation professionnelle et le d\u00e9veloppement des comp\u00e9tences<\/h3>\r\n<!-- \/wp:heading -->\r\n\r\n<!-- wp:paragraph -->\r\n<p>L&rsquo;\u00e9volution rapide du secteur esth\u00e9tique impose aux futurs professionnels d\u2019\u00eatre pr\u00e9par\u00e9s \u00e0 diverses comp\u00e9tences, tant techniques que commerciales. Ainsi, les centres sp\u00e9cialis\u00e9s comme l\u2019Institut des Techniques Esth\u00e9tiques ou l\u2019Acad\u00e9mie de la Beaut\u00e9 ne se limitent pas \u00e0 enseigner la pratique des soins, mais int\u00e8grent aussi des modules en communication, gestion d\u2019institut et marketing du luxe. Cette approche holistique favorise l\u2019\u00e9mergence de profils polyvalents, capables de r\u00e9pondre aux attentes \u00e9volutives des clients et du march\u00e9.<\/p>\r\n<!-- \/wp:paragraph -->\r\n\r\n<!-- wp:paragraph \/-->\r\n\r\n<!-- wp:paragraph \/-->\r\n\r\n<!-- wp:heading {\"level\":2} -->\r\n<h2>Programmes et formations en esth\u00e9tique \u00e0 Toulouse : une offre compl\u00e8te et adapt\u00e9e \u00e0 tous les profils<\/h2>\r\n<!-- \/wp:heading -->\r\n\r\n<!-- wp:paragraph -->\r\n<p>Chaque \u00e9tablissement \u00e0 Toulouse propose une palette de formations r\u00e9pondant aux besoins sp\u00e9cifiques et ambitions des \u00e9tudiants. L\u2019\u00c9cole Terrade se distingue notamment par ses cursus avanc\u00e9s qui m\u00ealent esth\u00e9tique classique \u00e0 des comp\u00e9tences en management, offrant ainsi un v\u00e9ritable tremplin vers les m\u00e9tiers du luxe. Cette \u00e9cole professionnelle de la beaut\u00e9 inclut dans ses programmes des modules d\u00e9di\u00e9s \u00e0 la gestion d\u2019instituts haut de gamme, \u00e0 la commercialisation de produits cosm\u00e9tiques exclusifs, ainsi qu\u2019\u00e0 la communication \u00e9v\u00e9nementielle.<\/p>\r\n<!-- \/wp:paragraph -->\r\n\r\n<!-- wp:paragraph -->\r\n<p>Les cursus varient \u00e9galement en fonction de la dur\u00e9e et du rythme d\u2019apprentissage. Certains programmes courts, comme le CAP esth\u00e9tique, s\u2019adressent aux personnes souhaitant une insertion professionnelle rapide, souvent en moins d\u2019un an. D\u2019autres formations, plus longues, telles que des BTS ou des dipl\u00f4mes sp\u00e9cialis\u00e9s, int\u00e8grent des stages en entreprises reconnues et des alternances professionnelles qui enrichissent le cursus.<\/p>\r\n<!-- \/wp:paragraph -->\r\n\r\n<!-- wp:paragraph \/-->\r\n\r\n<!-- wp:heading {\"level\":3} -->\r\n<h3>L\u2019importance d\u2019une formation ax\u00e9e sur la pratique et l\u2019exp\u00e9rience terrain<\/h3>\r\n<!-- \/wp:heading -->\r\n\r\n<!-- wp:paragraph -->\r\n<p>Dans le cadre de la formation esth\u00e9tique \u00e0 Toulouse, l\u2019immersion en milieu professionnel est une \u00e9tape incontournable. Les stages int\u00e9gr\u00e9s dans les programmes permettent aux apprenants de perfectionner leurs gestes techniques et d\u2019observer les exigences du m\u00e9tier au quotidien. Par exemple, gr\u00e2ce aux partenariats nou\u00e9s avec des maisons comme Dior et Sothys, les \u00e9tudiants b\u00e9n\u00e9ficient d\u2019une immersion dans les coulisses de marques de prestige o\u00f9 qualit\u00e9 et savoir-faire sont des mots d\u2019ordre.<\/p>\r\n<!-- \/wp:paragraph -->\r\n\r\n<!-- wp:paragraph -->\r\n<p>Ce contact direct avec le monde professionnel donne aux futurs esth\u00e9ticiens un avantage comp\u00e9titif lors de leur insertion sur le march\u00e9 du travail. Ils acqui\u00e8rent des comp\u00e9tences concr\u00e8tes, comprennent l\u2019importance du service client personnalis\u00e9 et d\u00e9veloppent un sens aigu du d\u00e9tail, aspects essentiels dans ce secteur qui valorise autant l\u2019expertise que la relation humaine.<\/p>\r\n<!-- \/wp:paragraph -->\r\n\r\n<!-- wp:paragraph \/-->\r\n\r\n<!-- wp:paragraph \/-->\r\n\r\n<!-- wp:heading {\"level\":2} -->\r\n<h2>Modalit\u00e9s d\u2019inscription et conditions d\u2019admission dans une \u00e9cole professionnelle de la beaut\u00e9 \u00e0 Toulouse<\/h2>\r\n<!-- \/wp:heading -->\r\n\r\n<!-- wp:paragraph -->\r\n<p>Les futures recrues du secteur esth\u00e9tique doivent passer par un processus d\u2019admission structur\u00e9, qui varie selon le niveau de formation souhait\u00e9. Pour les cursus CAP, les conditions sont g\u00e9n\u00e9ralement accessibles \u00e0 partir de la classe de troisi\u00e8me, avec une attention port\u00e9e sur le projet professionnel. Certaines \u00e9coles privil\u00e9gient aussi la motivation et l\u2019aptitude au contact humain lors des entretiens de s\u00e9lection.<\/p>\r\n<!-- \/wp:paragraph -->\r\n\r\n<!-- wp:paragraph -->\r\n<p>Pour les formations de niveau sup\u00e9rieur, telles que les BTS ou Masters, une r\u00e9ussite pr\u00e9alable au Baccalaur\u00e9at est exig\u00e9e, parfois compl\u00e9t\u00e9e par une \u00e9valuation des <a href=\"https:\/\/www.pub1.fr\/blogueurs\/essayer-une-extension-a-clip\/\"><strong>comp\u00e9tences personnelles<\/strong><\/a> ou des exp\u00e9riences li\u00e9es au secteur de la beaut\u00e9. Les journ\u00e9es portes ouvertes des \u00e9tablissements offrent un moment privil\u00e9gi\u00e9 pour appr\u00e9cier les ambiances p\u00e9dagogiques, rencontrer les enseignants et poser toutes les questions relatives aux programmes et d\u00e9bouch\u00e9s.<\/p>\r\n<!-- \/wp:paragraph -->\r\n\r\n<!-- wp:paragraph -->\r\n<p>L\u2019inscription s\u2019effectue d\u00e9sormais souvent par voie d\u00e9mat\u00e9rialis\u00e9e, avec un accompagnement individuel offert pour aider les candidats \u00e0 compl\u00e9ter les dossiers administratifs et \u00e0 choisir la formation la plus ad\u00e9quate. Ceci participe \u00e0 un processus d\u2019int\u00e9gration fluide et orient\u00e9 vers la r\u00e9ussite.<\/p>\r\n<!-- \/wp:paragraph -->\r\n\r\n<!-- wp:paragraph \/-->\r\n\r\n<!-- wp:heading {\"level\":3} -->\r\n<h3>Le partenariat \u00e9cole-entreprises : un levier cl\u00e9 pour l\u2019insertion professionnelle<\/h3>\r\n<!-- \/wp:heading -->\r\n\r\n<!-- wp:paragraph -->\r\n<p>En compl\u00e9ment des enseignements en salle de classe, la collaboration avec des entreprises du secteur de la beaut\u00e9 est un pilier fondamental pour l\u2019employabilit\u00e9 des dipl\u00f4m\u00e9s. Ces partenariats p\u00e9dagogiques prennent la forme de stages conventionn\u00e9s mais aussi de projets r\u00e9els en entreprise. Par exemple, les \u00e9tudiants de l\u2019\u00c9cole Terrade b\u00e9n\u00e9ficient de projets collaboratifs avec Dior, leur permettant de s\u2019immerger dans le fonctionnement marketing d\u2019une grande maison de luxe, et d\u2019acqu\u00e9rir une vision compl\u00e8te des exigences du m\u00e9tier.<\/p>\r\n<!-- \/wp:paragraph -->\r\n\r\n<!-- wp:paragraph -->\r\n<p>De tels liens favorisent non seulement l\u2019apprentissage des savoir-faire sp\u00e9cifiques mais aussi la cr\u00e9ation d\u2019un r\u00e9seau professionnel, essentiel \u00e0 la construction d\u2019une carri\u00e8re solide. Ils ouvrent souvent la porte \u00e0 des embauches directes, faisant des centres de formation esth\u00e9tique Toulouse des tremplins vers des emplois prestigieux.<\/p>\r\n<!-- \/wp:paragraph -->\r\n\r\n<!-- wp:paragraph \/-->\r\n\r\n","protected":false},"excerpt":{"rendered":"<p>Au c\u0153ur de Toulouse, la capitale de la r\u00e9gion Occitanie, s\u2019\u00e9l\u00e8vent des \u00e9tablissements d\u2019excellence d\u00e9di\u00e9s \u00e0 la formation dans l\u2019univers de l\u2019esth\u00e9tique. Ces \u00e9coles sp\u00e9cialis\u00e9es attirent chaque ann\u00e9e des milliers de jeunes passionn\u00e9s par la beaut\u00e9, les soins du corps et le bien-\u00eatre. Toulouse, avec son dynamisme \u00e9conomique et son ouverture culturelle, offre un terrain&#8230;<\/p>\n","protected":false},"author":56,"featured_media":2594,"comment_status":"open","ping_status":"open","sticky":false,"template":"","format":"standard","meta":{"_kad_post_transparent":"","_kad_post_title":"","_kad_post_layout":"","_kad_post_sidebar_id":"","_kad_post_content_style":"","_kad_post_vertical_padding":"","_kad_post_feature":"","_kad_post_feature_position":"","_kad_post_header":false,"_kad_post_footer":false,"_kad_post_classname":"","footnotes":""},"categories":[10],"tags":[304],"class_list":["post-2593","post","type-post","status-publish","format-standard","has-post-thumbnail","hentry","category-mode","tag-formation-esthetique"],"aioseo_notices":[],"_links":{"self":[{"href":"https:\/\/www.pub1.fr\/blogueurs\/wp-json\/wp\/v2\/posts\/2593","targetHints":{"allow":["GET"]}}],"collection":[{"href":"https:\/\/www.pub1.fr\/blogueurs\/wp-json\/wp\/v2\/posts"}],"about":[{"href":"https:\/\/www.pub1.fr\/blogueurs\/wp-json\/wp\/v2\/types\/post"}],"author":[{"embeddable":true,"href":"https:\/\/www.pub1.fr\/blogueurs\/wp-json\/wp\/v2\/users\/56"}],"replies":[{"embeddable":true,"href":"https:\/\/www.pub1.fr\/blogueurs\/wp-json\/wp\/v2\/comments?post=2593"}],"version-history":[{"count":3,"href":"https:\/\/www.pub1.fr\/blogueurs\/wp-json\/wp\/v2\/posts\/2593\/revisions"}],"predecessor-version":[{"id":2597,"href":"https:\/\/www.pub1.fr\/blogueurs\/wp-json\/wp\/v2\/posts\/2593\/revisions\/2597"}],"wp:featuredmedia":[{"embeddable":true,"href":"https:\/\/www.pub1.fr\/blogueurs\/wp-json\/wp\/v2\/media\/2594"}],"wp:attachment":[{"href":"https:\/\/www.pub1.fr\/blogueurs\/wp-json\/wp\/v2\/media?parent=2593"}],"wp:term":[{"taxonomy":"category","embeddable":true,"href":"https:\/\/www.pub1.fr\/blogueurs\/wp-json\/wp\/v2\/categories?post=2593"},{"taxonomy":"post_tag","embeddable":true,"href":"https:\/\/www.pub1.fr\/blogueurs\/wp-json\/wp\/v2\/tags?post=2593"}],"curies":[{"name":"wp","href":"https:\/\/api.w.org\/{rel}","templated":true}]}}